{"id":35,"date":"2021-12-17T19:03:24","date_gmt":"2021-12-17T18:03:24","guid":{"rendered":"http:\/\/saree.se\/?p=35"},"modified":"2021-12-17T19:08:59","modified_gmt":"2021-12-17T18:08:59","slug":"35","status":"publish","type":"post","link":"http:\/\/saree.se\/?p=35","title":{"rendered":""},"content":{"rendered":"<p>Scania V8 \u00e4r en lastbil som motsvarar en Ford Mustang i bilens v\u00e4rld, i alla f\u00f6r mig som b\u00e5de gillar stora lastbilar men ocks\u00e5 mindre personbilar av m\u00e4rket Ford. Idag s\u00e5g jag flera lastbilar k\u00f6ra i karavan, en m\u00e4ktig syn f\u00f6r n\u00e5gon som mig sj\u00e4lv som en dag dr\u00f6mmer om att sj\u00e4lv f\u00e5 s\u00e4tta sig bakom ratten p\u00e5 en V8 eller kanske framtida modell som \u00e4r \u00e4nnu vassare?<\/p>\n<p>I Sverige r\u00e5der inte samma str\u00e4nga lagar som i v\u00e5ra grannl\u00e4nder n\u00e4r det g\u00e4ller belysning vilket \u00e4r tacksamt f\u00f6r oss som gillar ljus. Detta ger upphov till att man ofta ser lastbilar utrustade med massor med <a href=\"https:\/\/ljusgiganten.se\/led-extraljus\">led extraljus<\/a> ovanf\u00f6r hytten. Man kanske inte beh\u00f6ver s\u00e5 m\u00e5nga lampor n\u00e4r man \u00e4r ute och k\u00f6r p\u00e5 v\u00e4garna men det \u00e4r en h\u00e4rlig syn minst sagt. P\u00e5 lastbilar vill man helst s\u00e4tta p\u00e5 extraljus som lyser lite l\u00e4ngre och inte bara sprider ljuset p\u00e5 bredden. Halogen och Xenon h\u00e5ller p\u00e5 att fasas ut medan led extraljus tagit ett stadigt grepp om marknaden p\u00e5 senare \u00e5r. Det har ocks\u00e5 blivit popul\u00e4rt med positionsljus med b\u00e5de vit och orange f\u00e4rg som egentligen inte \u00e4r till\u00e5tna att anv\u00e4nda under k\u00f6rning. P\u00e5 bilden ser vi ett exempel p\u00e5 hur snyggt det kan bli med drl p\u00e5 lamporna.<\/p>\n","protected":false},"excerpt":{"rendered":"<p>Scania V8 \u00e4r en lastbil som motsvarar en Ford Mustang i bilens v\u00e4rld, i alla f\u00f6r mig som b\u00e5de gillar stora lastbilar men ocks\u00e5 mindre personbilar av m\u00e4rket Ford. Idag s\u00e5g jag flera lastbilar k\u00f6ra i karavan, en m\u00e4ktig syn f\u00f6r n\u00e5gon som mig sj\u00e4lv som en dag dr\u00f6mmer om att sj\u00e4lv f\u00e5 s\u00e4tta sig [&hellip;]<\/p>\n","protected":false},"author":1,"featured_media":36,"comment_status":"closed","ping_status":"open","sticky":false,"template":"","format":"standard","meta":{"footnotes":""},"categories":[2],"tags":[],"class_list":["post-35","post","type-post","status-publish","format-standard","has-post-thumbnail","hentry","category-scania"],"_links":{"self":[{"href":"http:\/\/saree.se\/index.php?rest_route=\/wp\/v2\/posts\/35","targetHints":{"allow":["GET"]}}],"collection":[{"href":"http:\/\/saree.se\/index.php?rest_route=\/wp\/v2\/posts"}],"about":[{"href":"http:\/\/saree.se\/index.php?rest_route=\/wp\/v2\/types\/post"}],"author":[{"embeddable":true,"href":"http:\/\/saree.se\/index.php?rest_route=\/wp\/v2\/users\/1"}],"replies":[{"embeddable":true,"href":"http:\/\/saree.se\/index.php?rest_route=%2Fwp%2Fv2%2Fcomments&post=35"}],"version-history":[{"count":3,"href":"http:\/\/saree.se\/index.php?rest_route=\/wp\/v2\/posts\/35\/revisions"}],"predecessor-version":[{"id":39,"href":"http:\/\/saree.se\/index.php?rest_route=\/wp\/v2\/posts\/35\/revisions\/39"}],"wp:featuredmedia":[{"embeddable":true,"href":"http:\/\/saree.se\/index.php?rest_route=\/wp\/v2\/media\/36"}],"wp:attachment":[{"href":"http:\/\/saree.se\/index.php?rest_route=%2Fwp%2Fv2%2Fmedia&parent=35"}],"wp:term":[{"taxonomy":"category","embeddable":true,"href":"http:\/\/saree.se\/index.php?rest_route=%2Fwp%2Fv2%2Fcategories&post=35"},{"taxonomy":"post_tag","embeddable":true,"href":"http:\/\/saree.se\/index.php?rest_route=%2Fwp%2Fv2%2Ftags&post=35"}],"curies":[{"name":"wp","href":"https:\/\/api.w.org\/{rel}","templated":true}]}}